{"id":6671,"date":"2026-04-23T14:51:04","date_gmt":"2026-04-23T12:51:04","guid":{"rendered":"https:\/\/www.murre.nl\/?p=6671"},"modified":"2026-04-23T14:51:04","modified_gmt":"2026-04-23T12:51:04","slug":"conchyliculture-et-des-cultures-marines-6-7-de-octubre-de-2026-vannes-francia","status":"publish","type":"post","link":"https:\/\/www.murre.nl\/es\/conchyliculture-et-des-cultures-marines-6-7-de-octubre-de-2026-vannes-francia\/","title":{"rendered":"Conchyliculture et des cultures marines |  6-7 de octubre de 2026 | Vannes, Francia"},"content":{"rendered":"<p>Tras una primera participaci\u00f3n muy satisfactoria, Murre Technologies volver\u00e1 a estar presente este a\u00f1o en la feria \u00abConchyliculture et des cultures marines\u00bb, que se celebrar\u00e1 los d\u00edas 6 y 7 de octubre de 2026 en Vannes, Francia.<\/p>\n<p>Un lugar para hacer negocios, promocionarse, compartir conocimientos, innovar y comunicarse. Gracias a la representativa composici\u00f3n de los expositores, los visitantes cualificados y los clientes potenciales espec\u00edficos, este evento es el \u00fanico encuentro integral del sector en Francia para todos los actores de la industria.<\/p>\n","protected":false},"excerpt":{"rendered":"<p>Tras una primera participaci\u00f3n muy satisfactoria, Murre Technologies volver\u00e1 a estar presente este a\u00f1o en la feria \u00abConchyliculture et des cultures marines\u00bb, que se celebrar\u00e1 los d\u00edas 6 y 7 de octubre de 2026 en Vannes, Francia. Un lugar para hacer negocios, promocionarse, compartir conocimientos, innovar y comunicarse. Gracias a la representativa composici\u00f3n de los [&hellip;]<\/p>\n","protected":false},"author":2,"featured_media":6459,"comment_status":"closed","ping_status":"closed","sticky":false,"template":"","format":"standard","meta":[],"categories":[353],"tags":[],"acf":[],"yoast_head":"<!-- This site is optimized with the Yoast SEO plugin v20.12 - https:\/\/yoast.com\/wordpress\/plugins\/seo\/ -->\n<title>Conchyliculture et des cultures marines | 6-7 de octubre de 2026 | Vannes, Francia | Murre Technologies B.V.<\/title>\n<meta name=\"robots\" content=\"index, follow, max-snippet:-1, max-image-preview:large, max-video-preview:-1\" \/>\n<link rel=\"canonical\" href=\"https:\/\/www.murre.nl\/es\/conchyliculture-et-des-cultures-marines-6-7-de-octubre-de-2026-vannes-francia\/\" \/>\n<meta property=\"og:locale\" content=\"es_ES\" \/>\n<meta property=\"og:type\" content=\"article\" \/>\n<meta property=\"og:title\" content=\"Conchyliculture et des cultures marines | 6-7 de octubre de 2026 | Vannes, Francia | Murre Technologies B.V.\" \/>\n<meta property=\"og:description\" content=\"Tras una primera participaci\u00f3n muy satisfactoria, Murre Technologies volver\u00e1 a estar presente este a\u00f1o en la feria \u00abConchyliculture et des cultures marines\u00bb, que se celebrar\u00e1 los d\u00edas 6 y 7 de octubre de 2026 en Vannes, Francia. Un lugar para hacer negocios, promocionarse, compartir conocimientos, innovar y comunicarse. Gracias a la representativa composici\u00f3n de los [&hellip;]\" \/>\n<meta property=\"og:url\" content=\"https:\/\/www.murre.nl\/es\/conchyliculture-et-des-cultures-marines-6-7-de-octubre-de-2026-vannes-francia\/\" \/>\n<meta property=\"og:site_name\" content=\"Murre Technologies B.V.\" \/>\n<meta property=\"article:published_time\" content=\"2026-04-23T12:51:04+00:00\" \/>\n<meta property=\"og:image\" content=\"https:\/\/www.murre.nl\/wp-content\/uploads\/2025\/06\/CONCHYLICULTURE_Logo_R1_logo_vannes-q5kziyxq1i58hknemdqas5dxfjxij4w67yebs63w0g.png\" \/>\n\t<meta property=\"og:image:width\" content=\"300\" \/>\n\t<meta property=\"og:image:height\" content=\"200\" \/>\n\t<meta property=\"og:image:type\" content=\"image\/png\" \/>\n<meta name=\"author\" content=\"beheer\" \/>\n<meta name=\"twitter:card\" content=\"summary_large_image\" \/>\n<meta name=\"twitter:label1\" content=\"Escrito por\" \/>\n\t<meta name=\"twitter:data1\" content=\"beheer\" \/>\n\t<meta name=\"twitter:label2\" content=\"Tiempo de lectura\" \/>\n\t<meta name=\"twitter:data2\" content=\"1 minuto\" \/>\n<script type=\"application\/ld+json\" class=\"yoast-schema-graph\">{\"@context\":\"https:\/\/schema.org\",\"@graph\":[{\"@type\":\"Article\",\"@id\":\"https:\/\/www.murre.nl\/es\/conchyliculture-et-des-cultures-marines-6-7-de-octubre-de-2026-vannes-francia\/#article\",\"isPartOf\":{\"@id\":\"https:\/\/www.murre.nl\/es\/conchyliculture-et-des-cultures-marines-6-7-de-octubre-de-2026-vannes-francia\/\"},\"author\":{\"name\":\"beheer\",\"@id\":\"https:\/\/www.murre.nl\/#\/schema\/person\/2b529e3df97637cc1bd1c28d4bbf4e41\"},\"headline\":\"Conchyliculture et des cultures marines | 6-7 de octubre de 2026 | Vannes, Francia\",\"datePublished\":\"2026-04-23T12:51:04+00:00\",\"dateModified\":\"2026-04-23T12:51:04+00:00\",\"mainEntityOfPage\":{\"@id\":\"https:\/\/www.murre.nl\/es\/conchyliculture-et-des-cultures-marines-6-7-de-octubre-de-2026-vannes-francia\/\"},\"wordCount\":95,\"publisher\":{\"@id\":\"https:\/\/www.murre.nl\/#organization\"},\"articleSection\":[\"Beurzen\"],\"inLanguage\":\"es\"},{\"@type\":\"WebPage\",\"@id\":\"https:\/\/www.murre.nl\/es\/conchyliculture-et-des-cultures-marines-6-7-de-octubre-de-2026-vannes-francia\/\",\"url\":\"https:\/\/www.murre.nl\/es\/conchyliculture-et-des-cultures-marines-6-7-de-octubre-de-2026-vannes-francia\/\",\"name\":\"Conchyliculture et des cultures marines | 6-7 de octubre de 2026 | Vannes, Francia | Murre Technologies B.V.\",\"isPartOf\":{\"@id\":\"https:\/\/www.murre.nl\/#website\"},\"datePublished\":\"2026-04-23T12:51:04+00:00\",\"dateModified\":\"2026-04-23T12:51:04+00:00\",\"breadcrumb\":{\"@id\":\"https:\/\/www.murre.nl\/es\/conchyliculture-et-des-cultures-marines-6-7-de-octubre-de-2026-vannes-francia\/#breadcrumb\"},\"inLanguage\":\"es\",\"potentialAction\":[{\"@type\":\"ReadAction\",\"target\":[\"https:\/\/www.murre.nl\/es\/conchyliculture-et-des-cultures-marines-6-7-de-octubre-de-2026-vannes-francia\/\"]}]},{\"@type\":\"BreadcrumbList\",\"@id\":\"https:\/\/www.murre.nl\/es\/conchyliculture-et-des-cultures-marines-6-7-de-octubre-de-2026-vannes-francia\/#breadcrumb\",\"itemListElement\":[{\"@type\":\"ListItem\",\"position\":1,\"name\":\"Home\",\"item\":\"https:\/\/www.murre.nl\/es\/\"},{\"@type\":\"ListItem\",\"position\":2,\"name\":\"Conchyliculture et des cultures marines | 6-7 de octubre de 2026 | Vannes, Francia\"}]},{\"@type\":\"WebSite\",\"@id\":\"https:\/\/www.murre.nl\/#website\",\"url\":\"https:\/\/www.murre.nl\/\",\"name\":\"Murre Technologies B.V.\",\"description\":\"En nog een WordPress site\",\"publisher\":{\"@id\":\"https:\/\/www.murre.nl\/#organization\"},\"potentialAction\":[{\"@type\":\"SearchAction\",\"target\":{\"@type\":\"EntryPoint\",\"urlTemplate\":\"https:\/\/www.murre.nl\/?s={search_term_string}\"},\"query-input\":\"required name=search_term_string\"}],\"inLanguage\":\"es\"},{\"@type\":\"Organization\",\"@id\":\"https:\/\/www.murre.nl\/#organization\",\"name\":\"Murre Technologies\",\"url\":\"https:\/\/www.murre.nl\/\",\"logo\":{\"@type\":\"ImageObject\",\"inLanguage\":\"es\",\"@id\":\"https:\/\/www.murre.nl\/#\/schema\/logo\/image\/\",\"url\":\"https:\/\/www.murre.nl\/wp-content\/uploads\/2020\/06\/MT-Logo-HQ-scaled.jpg\",\"contentUrl\":\"https:\/\/www.murre.nl\/wp-content\/uploads\/2020\/06\/MT-Logo-HQ-scaled.jpg\",\"width\":2560,\"height\":731,\"caption\":\"Murre Technologies\"},\"image\":{\"@id\":\"https:\/\/www.murre.nl\/#\/schema\/logo\/image\/\"}},{\"@type\":\"Person\",\"@id\":\"https:\/\/www.murre.nl\/#\/schema\/person\/2b529e3df97637cc1bd1c28d4bbf4e41\",\"name\":\"beheer\",\"image\":{\"@type\":\"ImageObject\",\"inLanguage\":\"es\",\"@id\":\"https:\/\/www.murre.nl\/#\/schema\/person\/image\/\",\"url\":\"https:\/\/secure.gravatar.com\/avatar\/f2821f663d99cfdf6d709503d1d37cb9?s=96&d=mm&r=g\",\"contentUrl\":\"https:\/\/secure.gravatar.com\/avatar\/f2821f663d99cfdf6d709503d1d37cb9?s=96&d=mm&r=g\",\"caption\":\"beheer\"},\"url\":\"https:\/\/www.murre.nl\/es\/author\/beheer\/\"}]}<\/script>\n<!-- \/ Yoast SEO plugin. -->","yoast_head_json":{"title":"Conchyliculture et des cultures marines | 6-7 de octubre de 2026 | Vannes, Francia | Murre Technologies B.V.","robots":{"index":"index","follow":"follow","max-snippet":"max-snippet:-1","max-image-preview":"max-image-preview:large","max-video-preview":"max-video-preview:-1"},"canonical":"https:\/\/www.murre.nl\/es\/conchyliculture-et-des-cultures-marines-6-7-de-octubre-de-2026-vannes-francia\/","og_locale":"es_ES","og_type":"article","og_title":"Conchyliculture et des cultures marines | 6-7 de octubre de 2026 | Vannes, Francia | Murre Technologies B.V.","og_description":"Tras una primera participaci\u00f3n muy satisfactoria, Murre Technologies volver\u00e1 a estar presente este a\u00f1o en la feria \u00abConchyliculture et des cultures marines\u00bb, que se celebrar\u00e1 los d\u00edas 6 y 7 de octubre de 2026 en Vannes, Francia. Un lugar para hacer negocios, promocionarse, compartir conocimientos, innovar y comunicarse. Gracias a la representativa composici\u00f3n de los [&hellip;]","og_url":"https:\/\/www.murre.nl\/es\/conchyliculture-et-des-cultures-marines-6-7-de-octubre-de-2026-vannes-francia\/","og_site_name":"Murre Technologies B.V.","article_published_time":"2026-04-23T12:51:04+00:00","og_image":[{"width":300,"height":200,"url":"https:\/\/www.murre.nl\/wp-content\/uploads\/2025\/06\/CONCHYLICULTURE_Logo_R1_logo_vannes-q5kziyxq1i58hknemdqas5dxfjxij4w67yebs63w0g.png","type":"image\/png"}],"author":"beheer","twitter_card":"summary_large_image","twitter_misc":{"Escrito por":"beheer","Tiempo de lectura":"1 minuto"},"schema":{"@context":"https:\/\/schema.org","@graph":[{"@type":"Article","@id":"https:\/\/www.murre.nl\/es\/conchyliculture-et-des-cultures-marines-6-7-de-octubre-de-2026-vannes-francia\/#article","isPartOf":{"@id":"https:\/\/www.murre.nl\/es\/conchyliculture-et-des-cultures-marines-6-7-de-octubre-de-2026-vannes-francia\/"},"author":{"name":"beheer","@id":"https:\/\/www.murre.nl\/#\/schema\/person\/2b529e3df97637cc1bd1c28d4bbf4e41"},"headline":"Conchyliculture et des cultures marines | 6-7 de octubre de 2026 | Vannes, Francia","datePublished":"2026-04-23T12:51:04+00:00","dateModified":"2026-04-23T12:51:04+00:00","mainEntityOfPage":{"@id":"https:\/\/www.murre.nl\/es\/conchyliculture-et-des-cultures-marines-6-7-de-octubre-de-2026-vannes-francia\/"},"wordCount":95,"publisher":{"@id":"https:\/\/www.murre.nl\/#organization"},"articleSection":["Beurzen"],"inLanguage":"es"},{"@type":"WebPage","@id":"https:\/\/www.murre.nl\/es\/conchyliculture-et-des-cultures-marines-6-7-de-octubre-de-2026-vannes-francia\/","url":"https:\/\/www.murre.nl\/es\/conchyliculture-et-des-cultures-marines-6-7-de-octubre-de-2026-vannes-francia\/","name":"Conchyliculture et des cultures marines | 6-7 de octubre de 2026 | Vannes, Francia | Murre Technologies B.V.","isPartOf":{"@id":"https:\/\/www.murre.nl\/#website"},"datePublished":"2026-04-23T12:51:04+00:00","dateModified":"2026-04-23T12:51:04+00:00","breadcrumb":{"@id":"https:\/\/www.murre.nl\/es\/conchyliculture-et-des-cultures-marines-6-7-de-octubre-de-2026-vannes-francia\/#breadcrumb"},"inLanguage":"es","potentialAction":[{"@type":"ReadAction","target":["https:\/\/www.murre.nl\/es\/conchyliculture-et-des-cultures-marines-6-7-de-octubre-de-2026-vannes-francia\/"]}]},{"@type":"BreadcrumbList","@id":"https:\/\/www.murre.nl\/es\/conchyliculture-et-des-cultures-marines-6-7-de-octubre-de-2026-vannes-francia\/#breadcrumb","itemListElement":[{"@type":"ListItem","position":1,"name":"Home","item":"https:\/\/www.murre.nl\/es\/"},{"@type":"ListItem","position":2,"name":"Conchyliculture et des cultures marines | 6-7 de octubre de 2026 | Vannes, Francia"}]},{"@type":"WebSite","@id":"https:\/\/www.murre.nl\/#website","url":"https:\/\/www.murre.nl\/","name":"Murre Technologies B.V.","description":"En nog een WordPress site","publisher":{"@id":"https:\/\/www.murre.nl\/#organization"},"potentialAction":[{"@type":"SearchAction","target":{"@type":"EntryPoint","urlTemplate":"https:\/\/www.murre.nl\/?s={search_term_string}"},"query-input":"required name=search_term_string"}],"inLanguage":"es"},{"@type":"Organization","@id":"https:\/\/www.murre.nl\/#organization","name":"Murre Technologies","url":"https:\/\/www.murre.nl\/","logo":{"@type":"ImageObject","inLanguage":"es","@id":"https:\/\/www.murre.nl\/#\/schema\/logo\/image\/","url":"https:\/\/www.murre.nl\/wp-content\/uploads\/2020\/06\/MT-Logo-HQ-scaled.jpg","contentUrl":"https:\/\/www.murre.nl\/wp-content\/uploads\/2020\/06\/MT-Logo-HQ-scaled.jpg","width":2560,"height":731,"caption":"Murre Technologies"},"image":{"@id":"https:\/\/www.murre.nl\/#\/schema\/logo\/image\/"}},{"@type":"Person","@id":"https:\/\/www.murre.nl\/#\/schema\/person\/2b529e3df97637cc1bd1c28d4bbf4e41","name":"beheer","image":{"@type":"ImageObject","inLanguage":"es","@id":"https:\/\/www.murre.nl\/#\/schema\/person\/image\/","url":"https:\/\/secure.gravatar.com\/avatar\/f2821f663d99cfdf6d709503d1d37cb9?s=96&d=mm&r=g","contentUrl":"https:\/\/secure.gravatar.com\/avatar\/f2821f663d99cfdf6d709503d1d37cb9?s=96&d=mm&r=g","caption":"beheer"},"url":"https:\/\/www.murre.nl\/es\/author\/beheer\/"}]}},"_links":{"self":[{"href":"https:\/\/www.murre.nl\/es\/wp-json\/wp\/v2\/posts\/6671"}],"collection":[{"href":"https:\/\/www.murre.nl\/es\/wp-json\/wp\/v2\/posts"}],"about":[{"href":"https:\/\/www.murre.nl\/es\/wp-json\/wp\/v2\/types\/post"}],"author":[{"embeddable":true,"href":"https:\/\/www.murre.nl\/es\/wp-json\/wp\/v2\/users\/2"}],"replies":[{"embeddable":true,"href":"https:\/\/www.murre.nl\/es\/wp-json\/wp\/v2\/comments?post=6671"}],"version-history":[{"count":1,"href":"https:\/\/www.murre.nl\/es\/wp-json\/wp\/v2\/posts\/6671\/revisions"}],"predecessor-version":[{"id":6672,"href":"https:\/\/www.murre.nl\/es\/wp-json\/wp\/v2\/posts\/6671\/revisions\/6672"}],"wp:featuredmedia":[{"embeddable":true,"href":"https:\/\/www.murre.nl\/es\/wp-json\/wp\/v2\/media\/6459"}],"wp:attachment":[{"href":"https:\/\/www.murre.nl\/es\/wp-json\/wp\/v2\/media?parent=6671"}],"wp:term":[{"taxonomy":"category","embeddable":true,"href":"https:\/\/www.murre.nl\/es\/wp-json\/wp\/v2\/categories?post=6671"},{"taxonomy":"post_tag","embeddable":true,"href":"https:\/\/www.murre.nl\/es\/wp-json\/wp\/v2\/tags?post=6671"}],"curies":[{"name":"wp","href":"https:\/\/api.w.org\/{rel}","templated":true}]}}